{"id":220,"date":"2011-02-03T20:31:19","date_gmt":"2011-02-03T18:31:19","guid":{"rendered":"http:\/\/ichbinkeinreh.comoj.com\/wordpress\/?p=220"},"modified":"2011-02-03T20:31:19","modified_gmt":"2011-02-03T18:31:19","slug":"die-zwei-lustigen-drei","status":"publish","type":"post","link":"https:\/\/www.metalundcomputer.de\/?p=220","title":{"rendered":"Die zwei lustigen Drei"},"content":{"rendered":"<p><strong>Und auf in den neuen Schulblock !!!!!111elfeinseins<\/strong><\/p>\n<p>Bis April darf ich nun endlich wieder die Schulbank dr\u00fccken&#8230;Eine Woche ist auch fast schon vor\u00fcber.<br \/>\nUnd nat\u00fcrlich hat es keine Woche gedauert bis die ersten TOLLEN Gruppenprojekte verteilt wurden. Ich dachte im letzten Block w\u00e4ren nur zuf\u00e4llig s\u00e4mtliche Gruppenarbeiten \/ -referate auf einem Haufen gelandet, aber das es gleich so weiter geht O.\u00f4&#8230;hm ok, eigentlich musste ich mit sowas rechnen aber man gibt die Hoffnung ja nicht auf; wenn auch vergebens.<br \/>\nAber bisher hatte ich ja noch Gl\u00fcck im Ungl\u00fcck, denn wir durften unsere Gruppe selbst zusammen stellen. Was bedeutet: <strong>Das KOMPETENZ-TEAM schl\u00e4gt wieder zu ! ! !<\/strong><br \/>\nDenn es gibt tats\u00e4chlich Gleichgesinnte im Kurs, um genau zu sein zwei. Zugegeben, unsere Gruppen bestehen nicht nur aus drei Leuten sodass neben uns noch andere Mitwirkende dabei sind. Aber unsere Kompetenz ist schlichtweg so \u00fcberragend, dass das Endergebnis alles \u00fcbertrifft =D<br \/>\nAber genug der \u00dcberheblichkeit xD<br \/>\nIch warte jedenfalls wieder mit gro\u00dfer Hoffnung auf das \u00fcbliche kriseln innerhalb des Kurses. Zwei Monate sind schlie\u00dflich eine lange Zeit \ud83d\ude09<br \/>\nIch nehme im \u00fcbrigen gerne Wetten entgegen wie viel Tage es dauert bis wir wieder so ein  tolles-super cooles-dufte-knorke-krass geiles  Teamgespr\u00e4ch haben \ud83d\ude00 Wenn es gen\u00fcgend Wetten gibt \u00fcberleg ich mir auch was als Gewinn^^<br \/>\nAber erst mal abwarten.<br \/>\nWeitere Berichte folgen&#8230;<\/p>\n<p>P.S.: Erst hat er laut gelacht und dann hat er sich auf dem Boden gekringelt vor lachen !<\/p>\n","protected":false},"excerpt":{"rendered":"<p>Und auf in den neuen Schulblock !!!!!111elfeinseins Bis April darf ich nun endlich wieder die Schulbank dr\u00fccken&#8230;Eine Woche ist auch fast schon vor\u00fcber. Und nat\u00fcrlich hat es keine Woche gedauert bis die ersten TOLLEN Gruppenprojekte verteilt wurden. Ich dachte im letzten Block w\u00e4ren nur zuf\u00e4llig s\u00e4mtliche Gruppenarbeiten \/ -referate auf einem Haufen gelandet, aber das [&#038;hellip<\/p>\n","protected":false},"author":2,"featured_media":0,"comment_status":"open","ping_status":"open","sticky":false,"template":"","format":"standard","meta":{"footnotes":""},"categories":[1],"tags":[],"class_list":["post-220","post","type-post","status-publish","format-standard","hentry","category-sonstiges"],"_links":{"self":[{"href":"https:\/\/www.metalundcomputer.de\/index.php?rest_route=\/wp\/v2\/posts\/220","targetHints":{"allow":["GET"]}}],"collection":[{"href":"https:\/\/www.metalundcomputer.de\/index.php?rest_route=\/wp\/v2\/posts"}],"about":[{"href":"https:\/\/www.metalundcomputer.de\/index.php?rest_route=\/wp\/v2\/types\/post"}],"author":[{"embeddable":true,"href":"https:\/\/www.metalundcomputer.de\/index.php?rest_route=\/wp\/v2\/users\/2"}],"replies":[{"embeddable":true,"href":"https:\/\/www.metalundcomputer.de\/index.php?rest_route=%2Fwp%2Fv2%2Fcomments&post=220"}],"version-history":[{"count":3,"href":"https:\/\/www.metalundcomputer.de\/index.php?rest_route=\/wp\/v2\/posts\/220\/revisions"}],"predecessor-version":[{"id":223,"href":"https:\/\/www.metalundcomputer.de\/index.php?rest_route=\/wp\/v2\/posts\/220\/revisions\/223"}],"wp:attachment":[{"href":"https:\/\/www.metalundcomputer.de\/index.php?rest_route=%2Fwp%2Fv2%2Fmedia&parent=220"}],"wp:term":[{"taxonomy":"category","embeddable":true,"href":"https:\/\/www.metalundcomputer.de\/index.php?rest_route=%2Fwp%2Fv2%2Fcategories&post=220"},{"taxonomy":"post_tag","embeddable":true,"href":"https:\/\/www.metalundcomputer.de\/index.php?rest_route=%2Fwp%2Fv2%2Ftags&post=220"}],"curies":[{"name":"wp","href":"https:\/\/api.w.org\/{rel}","templated":true}]}}