{"id":146,"date":"2010-10-31T20:24:05","date_gmt":"2010-10-31T18:24:05","guid":{"rendered":"http:\/\/ichbinkeinreh.comoj.com\/wordpress\/?p=146"},"modified":"2010-11-02T18:28:05","modified_gmt":"2010-11-02T16:28:05","slug":"bodenlos-die-zweite","status":"publish","type":"post","link":"https:\/\/www.metalundcomputer.de\/?p=146","title":{"rendered":"\u201cBodenlos?\u201d die Zweite"},"content":{"rendered":"<p>Dieses Mal ein wenig Kontrastprogramm um meine eigentliche Aussage mit den Bandvorstellungen gleich schon mal ein wenig zu untermalen:<br \/>\nDie Band um die es heute geht&#8230;<\/p>\n<p><strong>Die Verbannten Kinder Evas<\/strong> (DVKE)<\/p>\n<p><a href=\"http:\/\/ichbinkeinreh.comoj.com\/wordpress\/wp-content\/uploads\/2010\/10\/die_verbannten_kinder_evas.jpg\"><img loading=\"lazy\" decoding=\"async\" src=\"http:\/\/ichbinkeinreh.comoj.com\/wordpress\/wp-content\/uploads\/2010\/10\/die_verbannten_kinder_evas.jpg\" alt=\"\" title=\"die_verbannten_kinder_evas\" width=\"394\" height=\"345\" class=\"alignnone size-full wp-image-147\" srcset=\"https:\/\/www.metalundcomputer.de\/wp-content\/uploads\/2010\/10\/die_verbannten_kinder_evas.jpg 394w, https:\/\/www.metalundcomputer.de\/wp-content\/uploads\/2010\/10\/die_verbannten_kinder_evas-300x262.jpg 300w\" sizes=\"auto, (max-width: 394px) 100vw, 394px\" \/><\/a><\/p>\n<p>Entdeckt habe ich diese Band blo\u00df per Zufall. Ich las beim surfen den Namen und dachte nur &#8222;hm,h\u00f6rt sich cool an&#8220;. Und wie das dann so l\u00e4uft&#8230;.Google ist dein Freund und selbige Suchmaschine brachte mir auch nur kurz darauf ein paar H\u00f6rbeispiele.  Und ich war sofort begeistert ! noch ahnte nicht wer diese Musik ins Leben gerufen hat.<br \/>\nAuch wenn ich mich sonst (unter anderem) eher dem &#8222;trve und evil&#8220; Black Metal widme bin ich nichts desto trotz mit Klassischer Musik aufgewachsen und nichts anderes erwartet einen bei <strong>DVKE<\/strong> ! Ein <strong>Neoklassik-Projekt<\/strong> mit G\u00e4nsehautfaktor !<\/p>\n<p>Was mich jedoch am meisten staunen lie\u00df war die Herkunft dieses Projekts. Denn die &#8222;Autoren&#8220; waren niemand anderes als <strong>Richard \u201eProtector\u201c Lederer<\/strong> und <strong>Michael \u201eSilenius\u201c Gregor<\/strong>. Wer sie vergessen hat&#8230;siehe <em>Artikel: &#8222;Bodenlos?&#8220; die Erste<\/em><br \/>\nZu diesem Zeitpunkt waren mir die beiden nur aus exzessiven Black Metal &#8222;Orgien&#8220; bekannt und ich war begeistert in dieser Szene auch Musiker mit anderen Gesinnungen anzutreffen was mich dazu veranlasste noch mehr \u00fcber die beiden herauszufinden (aber dazu kommen wir in den n\u00e4chsten Beitr\u00e4gen)<\/p>\n<p>Zu <strong>DVKE<\/strong>: Die Anf\u00e4nge der verbannten Kinder Evas gehen zur\u00fcck ins Jahr 1993. Um neue musikalische M\u00f6glichkeiten zu ergr\u00fcnden, begann Richard Lederer damit, erste eigene Keyboard-Tracks zu kreieren. Schnell holte er auch Michael Gregor ins Boot. Zusammen st\u00f6berten sie in B\u00fcchern der Renaissance, um sich inspirieren zu lassen und stie\u00dfen dabei auf den bedeutungsschweren Bandnamen. Einige ihrer Lyrics \u00fcbernahmen die beiden von verschiedenen Poeten, andere wurden von Richard Wells (Mastermind von Pazuzu) geschrieben. Um dem Projekt, neben Richards und Michaels Stimme, auch weibliche Gesangsstimmen zu verleihen, schlossen sich Nora El Shammah und Richards Schwester Julia Lederer der Band an. Jedoch verlie\u00dfen die S\u00e4ngerinnen nach den ersten 3 Alben die Band und die Suche nach einer neuen geeigneten S\u00e4ngerin gestaltete sich sehr schwierig. Doch schlie\u00dflich lernte er Christina, eine griechische S\u00e4ngerin und nebenbei gro\u00dfer Fan von DVKE, kennen. Nur einen Track von ihr h\u00f6rte er und entschied sofort die DVKE-Aufnahmen mit ihr zu machen. Nach sehr kurzer Zeit hatte sie alle Songs perfekt drauf, flog nach Wien und innerhalb von nur drei Tagen war das neue Album um Kasten. Schlie\u00dflich wurde auch die CD \u201eDusk And Void Became Alive\u201c ver\u00f6ffentlicht.<\/p>\n<p>Gerade bei den neueren Alben liegt das Hauptaugenmerk auf dem Gesang aber wie immer will ich dazu nicht viel sagen&#8230;h\u00f6rt es euch einfach an !<br \/>\nSame procedure every time: Hier meine Favoriten<\/p>\n<p><object width=\"480\" height=\"385\"><param name=\"movie\" value=\"http:\/\/www.youtube.com\/v\/Gzs6StMpocI?fs=1&amp;hl=de_DE\"><\/param><param name=\"allowFullScreen\" value=\"true\"><\/param><param name=\"allowscriptaccess\" value=\"always\"><\/param><embed src=\"http:\/\/www.youtube.com\/v\/Gzs6StMpocI?fs=1&amp;hl=de_DE\" type=\"application\/x-shockwave-flash\" allowscriptaccess=\"always\" allowfullscreen=\"true\" width=\"480\" height=\"385\"><\/embed><\/object><\/p>\n<p>und hier noch ein instrumentales Werk:<\/p>\n<p><object width=\"480\" height=\"385\"><param name=\"movie\" value=\"http:\/\/www.youtube.com\/v\/AC-i9IqeMlU?fs=1&amp;hl=de_DE\"><\/param><param name=\"allowFullScreen\" value=\"true\"><\/param><param name=\"allowscriptaccess\" value=\"always\"><\/param><embed src=\"http:\/\/www.youtube.com\/v\/AC-i9IqeMlU?fs=1&amp;hl=de_DE\" type=\"application\/x-shockwave-flash\" allowscriptaccess=\"always\" allowfullscreen=\"true\" width=\"480\" height=\"385\"><\/embed><\/object><\/p>\n<p>In diesem Sinne&#8230;viel Spa\u00df beim anh\u00f6ren !<br \/>\n\u201cLINKS\u201d *HUST* gibt es wie immer bei mir \ud83d\ude09 (ansbert@web.de)<\/p>\n","protected":false},"excerpt":{"rendered":"<p>Dieses Mal ein wenig Kontrastprogramm um meine eigentliche Aussage mit den Bandvorstellungen gleich schon mal ein wenig zu untermalen: Die Band um die es heute geht&#8230; Die Verbannten Kinder Evas (DVKE) Entdeckt habe ich diese Band blo\u00df per Zufall. Ich las beim surfen den Namen und dachte nur &#8222;hm,h\u00f6rt sich cool an&#8220;. Und wie das [&#038;hellip<\/p>\n","protected":false},"author":2,"featured_media":0,"comment_status":"open","ping_status":"open","sticky":false,"template":"","format":"standard","meta":{"footnotes":""},"categories":[],"tags":[],"class_list":["post-146","post","type-post","status-publish","format-standard","hentry"],"_links":{"self":[{"href":"https:\/\/www.metalundcomputer.de\/index.php?rest_route=\/wp\/v2\/posts\/146","targetHints":{"allow":["GET"]}}],"collection":[{"href":"https:\/\/www.metalundcomputer.de\/index.php?rest_route=\/wp\/v2\/posts"}],"about":[{"href":"https:\/\/www.metalundcomputer.de\/index.php?rest_route=\/wp\/v2\/types\/post"}],"author":[{"embeddable":true,"href":"https:\/\/www.metalundcomputer.de\/index.php?rest_route=\/wp\/v2\/users\/2"}],"replies":[{"embeddable":true,"href":"https:\/\/www.metalundcomputer.de\/index.php?rest_route=%2Fwp%2Fv2%2Fcomments&post=146"}],"version-history":[{"count":10,"href":"https:\/\/www.metalundcomputer.de\/index.php?rest_route=\/wp\/v2\/posts\/146\/revisions"}],"predecessor-version":[{"id":166,"href":"https:\/\/www.metalundcomputer.de\/index.php?rest_route=\/wp\/v2\/posts\/146\/revisions\/166"}],"wp:attachment":[{"href":"https:\/\/www.metalundcomputer.de\/index.php?rest_route=%2Fwp%2Fv2%2Fmedia&parent=146"}],"wp:term":[{"taxonomy":"category","embeddable":true,"href":"https:\/\/www.metalundcomputer.de\/index.php?rest_route=%2Fwp%2Fv2%2Fcategories&post=146"},{"taxonomy":"post_tag","embeddable":true,"href":"https:\/\/www.metalundcomputer.de\/index.php?rest_route=%2Fwp%2Fv2%2Ftags&post=146"}],"curies":[{"name":"wp","href":"https:\/\/api.w.org\/{rel}","templated":true}]}}